{"id":1571,"date":"2020-06-16T20:44:15","date_gmt":"2020-06-16T20:44:15","guid":{"rendered":"https:\/\/mariasolar.com\/2020\/06\/16\/maria-solar-pregoeira-dunha-feira-do-libro-de-santiago-pioneira-e-exemplo-en-espana\/"},"modified":"2022-09-30T16:10:41","modified_gmt":"2022-09-30T16:10:41","slug":"maria-solar-pregoeira-dunha-feira-do-libro-de-santiago-pioneira-e-exemplo-en-espana","status":"publish","type":"post","link":"https:\/\/mariasolar.com\/gl\/2020\/06\/16\/maria-solar-pregoeira-dunha-feira-do-libro-de-santiago-pioneira-e-exemplo-en-espana\/","title":{"rendered":"Mar\u00eda Solar pregoeira dunha Feira do Libro de Santiago pioneira e exemplo en Espa\u00f1a"},"content":{"rendered":"<p>[vc_section][vc_row][vc_column][ut_parallax_quote quote_linebreak_mobile=&#8221;on&#8221; quotation_marks=&#8221;no&#8221; quote_font_source=&#8221;google&#8221; quote_google_fonts=&#8221;font_family:Raleway%3A100%2C100italic%2C200%2C200italic%2C300%2C300italic%2Cregular%2Citalic%2C500%2C500italic%2C600%2C600italic%2C700%2C700italic%2C800%2C800italic%2C900%2C900italic|font_style:400%20regular%3A400%3Anormal&#8221; quote_font_size=&#8221;20&#8243;][\/ut_parallax_quote][\/vc_column][\/vc_row][\/vc_section][vc_row][vc_column width=&#8221;1\/2&#8243;][vc_column_text]A Feira do Libro de Santiago convertiuse na primeira de Espa\u00f1a e de Europa en realizarse trala COVID-19. O acto de inauguraci\u00f3n celebrouse coa participaci\u00f3n do Alcalde de Compostela, Xos\u00e9 Sanchez Bugallo, e do Conselleiro de Cultura da Xunta de Galicia, Rom\u00e1n V\u00e1zquez, am\u00e1is de membros da Deputaci\u00f3n da Coru\u00f1a e da Federaci\u00f3n de Libreiros de Galicia. A feira, cun estrito protocolo de seguridade, tivo unha marabillosa acollida do p\u00fablico e convertiuse en referente e exemplo para outras feiras a celebrar en Espa\u00f1a.<\/p>\n<p>Mar\u00eda Solar, nada en Compostela, leu un emotivo preg\u00f3n no que salientou a importancia dos libreiros como peza clave na cadea da literatura, e a necesidade da feira como punto de encontro de libreiros, autores e lectores. Falou da importancia demostrada do libro nesta pandemia na que houbo que alimentar non s\u00f3 o corpo sen\u00f3n as emoci\u00f3ns na dureza do confinamento. Lembrou como os libros nos permitiron a maiores e pequenos evadirnos da situaci\u00f3n e compartir lecturas, e dixo que \u00e9 tempo de devolver o que os libros nos deron volvendo \u00e1s librar\u00edas e \u00e1s feiras. Para a autora as novas normas sociais e sanitarias son compatibles co traballo e coa cultura. E lembrou que o sector da cultura foi xeneroso durante a corentena, pero que \u00e9 o medio de vida de moitas persoas que precisan recuperar a actividade. \u201cLede e d\u00e1delle de ler aos nenos, como quen d\u00e1 de comer, como quen quere o mellor para eles\u201d dixo a autora nun alegato a compartir a feira e as lecturas cos m\u00e1is novos, canteira e futuro da literatura.[\/vc_column_text][\/vc_column][vc_column width=&#8221;1\/2&#8243;]<div class=\"wpb_content_element   clearfix\"><style type=\"text\/css\">#ut_ig_69f596c019492 .ut-lazy:not(.ut-image-loaded) + .ut-video-module-loading { display:block; }#ut_ig_69f596c019492 .ut-lazy.ut-image-loaded + .ut-video-module-loading { display:none; }<\/style><div id=\"ut_ig_69f596c019492\" class=\"ut-image-gallery ut-image-gallery-module  clearfix\" data-settings=\"{&quot;animate&quot;:true,&quot;effect&quot;:&quot;&quot;,&quot;lazy&quot;:true,&quot;delay_animation&quot;:false,&quot;global_delay_animation&quot;:false,&quot;delay_timer&quot;:100,&quot;global_delay_timer&quot;:100}\" ><div  data-count=\"1\" class=\"ut-image-gallery-item ut-animation-done grid-100 tablet-grid-100 mobile-grid-100\"><a  class=\"ut-vc-images-lightbox ut-vc-images-lightbox-group-image\"  data-exthumbimage=\"https:\/\/mariasolar.com\/wp-content\/uploads\/2020\/06\/DSC00458.jpg\" href=\"https:\/\/mariasolar.com\/wp-content\/uploads\/2020\/06\/DSC00458-1080x720.jpg\" ><div class=\"ut-image-gallery-image\" ><img loading=\"lazy\" decoding=\"async\"  class=\" ut-lazy skip-lazy\" src=\"data:image\/svg+xml;charset=utf-8,%3Csvg xmlns%3D'http%3A%2F%2Fwww.w3.org%2F2000%2Fsvg' viewBox%3D'0 0 1160 1160'%2F%3E\" data-src=\"https:\/\/mariasolar.com\/wp-content\/uploads\/2020\/06\/DSC00458-1160x1160.jpg\" width=\"1160\" height=\"1160\"><\/div><\/a><\/div><div class=\"ut-image-gallery-sizer\"><\/div><div class=\"clear\"><\/div><\/div><\/div>[\/vc_column][\/vc_row][vc_section][\/vc_section]<\/p>\n","protected":false},"excerpt":{"rendered":"<p>[vc_section][vc_row][vc_column][ut_parallax_quote quote_linebreak_mobile=&#8221;on&#8221; quotation_marks=&#8221;no&#8221; quote_font_source=&#8221;google&#8221; quote_google_fonts=&#8221;font_family:Raleway%3A100%2C100italic%2C200%2C200italic%2C300%2C300italic%2Cregular%2Citalic%2C500%2C500italic%2C600%2C600italic%2C700%2C700italic%2C800%2C800italic%2C900%2C900italic|font_style:400%20regular%3A400%3Anormal&#8221; quote_font_size=&#8221;20&#8243;][\/ut_parallax_quote][\/vc_column][\/vc_row][\/vc_section][vc_row][vc_column width=&#8221;1\/2&#8243;][vc_column_text]A Feira do Libro de Santiago convertiuse na primeira de Espa\u00f1a e de Europa en realizarse trala COVID-19. O acto de inauguraci\u00f3n celebrouse coa participaci\u00f3n do Alcalde de Compostela, Xos\u00e9 Sanchez Bugallo, e do Conselleiro de Cultura da Xunta de Galicia, Rom\u00e1n V\u00e1zquez, am\u00e1is de membros da Deputaci\u00f3n da [&hellip;]<\/p>\n","protected":false},"author":3,"featured_media":1399,"comment_status":"closed","ping_status":"open","sticky":false,"template":"","format":"standard","meta":{"_jetpack_newsletter_access":"","_jetpack_dont_email_post_to_subs":false,"_jetpack_newsletter_tier_id":0,"footnotes":""},"categories":[30,31],"tags":[36,37],"jetpack_featured_media_url":"https:\/\/mariasolar.com\/wp-content\/uploads\/2020\/06\/DSC00458.jpg","jetpack_sharing_enabled":true,"jetpack_shortlink":"https:\/\/wp.me\/pfpfpi-pl","_links":{"self":[{"href":"https:\/\/mariasolar.com\/gl\/wp-json\/wp\/v2\/posts\/1571"}],"collection":[{"href":"https:\/\/mariasolar.com\/gl\/wp-json\/wp\/v2\/posts"}],"about":[{"href":"https:\/\/mariasolar.com\/gl\/wp-json\/wp\/v2\/types\/post"}],"author":[{"embeddable":true,"href":"https:\/\/mariasolar.com\/gl\/wp-json\/wp\/v2\/users\/3"}],"replies":[{"embeddable":true,"href":"https:\/\/mariasolar.com\/gl\/wp-json\/wp\/v2\/comments?post=1571"}],"version-history":[{"count":3,"href":"https:\/\/mariasolar.com\/gl\/wp-json\/wp\/v2\/posts\/1571\/revisions"}],"predecessor-version":[{"id":1625,"href":"https:\/\/mariasolar.com\/gl\/wp-json\/wp\/v2\/posts\/1571\/revisions\/1625"}],"wp:featuredmedia":[{"embeddable":true,"href":"https:\/\/mariasolar.com\/gl\/wp-json\/wp\/v2\/media\/1399"}],"wp:attachment":[{"href":"https:\/\/mariasolar.com\/gl\/wp-json\/wp\/v2\/media?parent=1571"}],"wp:term":[{"taxonomy":"category","embeddable":true,"href":"https:\/\/mariasolar.com\/gl\/wp-json\/wp\/v2\/categories?post=1571"},{"taxonomy":"post_tag","embeddable":true,"href":"https:\/\/mariasolar.com\/gl\/wp-json\/wp\/v2\/tags?post=1571"}],"curies":[{"name":"wp","href":"https:\/\/api.w.org\/{rel}","templated":true}]}}