{"id":1573,"date":"2020-04-24T17:01:02","date_gmt":"2020-04-24T17:01:02","guid":{"rendered":"https:\/\/mariasolar.com\/2020\/04\/24\/pandemia-de-lectores-un-video-orixinal-para-o-dia-do-libro\/"},"modified":"2022-09-30T16:16:50","modified_gmt":"2022-09-30T16:16:50","slug":"pandemia-de-lectores-un-video-orixinal-para-o-dia-do-libro","status":"publish","type":"post","link":"https:\/\/mariasolar.com\/gl\/2020\/04\/24\/pandemia-de-lectores-un-video-orixinal-para-o-dia-do-libro\/","title":{"rendered":"PANDEMIA DE LECTORES: UN V\u00cdDEO ORIXINAL PARA O \u201cD\u00cdA DO LIBRO\u201d"},"content":{"rendered":"<p>[vc_row][vc_column][vc_column_text]Este ano no D\u00eda do Libro nada \u00e9 como era pero os libros son parte importante deste confinamento global. A cultura sempre est\u00e1 a\u00ed para salvarnos a alma, para rescatarnos da tristura e para liberar emoci\u00f3ns. Por iso, e m\u00e1is ca nunca, desde a nosa casa quixemos po\u00f1er en valor o libro e a lectura. Fix\u00e9molo cun curioso v\u00eddeo dirixido e executado por Jaime P\u00e9rez que titulamos \u201cler \u00e9 contaxioso\u201d e do que fixemos versi\u00f3ns en galego, castel\u00e1n e catal\u00e1n. Podedes velos entrando <a href=\"https:\/\/www.youtube.com\/user\/xaimepf2\">aqu\u00ed<\/a>. E podedes saber como se fixo t\u00e9cnicamente no blog da web <a href=\"http:\/\/jaimesteady.com\/2020\/04\/24\/dia-del-libro-un-video-de-composicion\/\">www.jaimesteady.com<\/a><\/p>\n<p>Ler \u00e9 contaxioso e queremos unha pandemia de lectores!![\/vc_column_text][\/vc_column][\/vc_row][vc_section][vc_row][vc_column]<div class=\"wpb_content_element \"><style type=\"text\/css\">#ut_vs_69f2486488566.ut-shortcode-video-wrap .ut-video-module-caption-text span { font-weight: bold; }<\/style><div id=\"ut_vs_69f2486488566\" class=\"ut-shortcode-video-wrap  ut-shortcode-video-wrap-tablet- ut-shortcode-video-wrap-mobile- clearfix\" ><div id=\"ut_reveal_69f2486488569\"  class=\"ut-video-module \"><div class=\"ut-video-module-caption \"><a class=\"ut-load-video \" data-location=\"inline\"  data-video=\"https:\/\/www.youtube.com\/watch?v=VjZcLPxiFeM\" data-html=\"#ut_vid_69f248648862c\" href=\"#\"><img loading=\"lazy\" decoding=\"async\" class=\"ut-lozad\" src=\"data:image\/svg+xml;charset=utf-8,%3Csvg xmlns%3D'http%3A%2F%2Fwww.w3.org%2F2000%2Fsvg' viewBox%3D'0 0 1280 720'%2F%3E\" data-src=\"\/\/i.ytimg.com\/vi\/VjZcLPxiFeM\/maxresdefault.jpg\" width=\"1280\" height=\"720\"><div class=\"ut-video-module-caption-text\"><div class=\"ut-video-module-inner-caption-text ut-video-module-empty-caption ut-video-module-caption-position-default\"><div class=\"ut-video-module-play-icon \"><i class=\"Bklyn-Core-Right-6\" aria-hidden=\"true\"><\/i><\/div><\/div><\/div><\/a><\/div><div class=\"ut-video-module-loading\"><div class=\"ut-image-gallery-loader\"><div class=\"ut-image-gallery-loader-inner\"><\/div><\/div><\/div><\/div><\/div><\/div>[\/vc_column][\/vc_row][\/vc_section]<\/p>\n","protected":false},"excerpt":{"rendered":"<p>[vc_row][vc_column][vc_column_text]Este ano no D\u00eda do Libro nada \u00e9 como era pero os libros son parte importante deste confinamento global. A cultura sempre est\u00e1 a\u00ed para salvarnos a alma, para rescatarnos da tristura e para liberar emoci\u00f3ns. Por iso, e m\u00e1is ca nunca, desde a nosa casa quixemos po\u00f1er en valor o libro e a lectura. [&hellip;]<\/p>\n","protected":false},"author":3,"featured_media":1395,"comment_status":"closed","ping_status":"open","sticky":false,"template":"","format":"standard","meta":{"_jetpack_newsletter_access":"","_jetpack_dont_email_post_to_subs":false,"_jetpack_newsletter_tier_id":0,"footnotes":""},"categories":[31,32],"tags":[],"jetpack_featured_media_url":"https:\/\/mariasolar.com\/wp-content\/uploads\/2020\/04\/Captura-de-pantalla-2020-04-23-a-las-23.17.27.png","jetpack_sharing_enabled":true,"jetpack_shortlink":"https:\/\/wp.me\/pfpfpi-pn","_links":{"self":[{"href":"https:\/\/mariasolar.com\/gl\/wp-json\/wp\/v2\/posts\/1573"}],"collection":[{"href":"https:\/\/mariasolar.com\/gl\/wp-json\/wp\/v2\/posts"}],"about":[{"href":"https:\/\/mariasolar.com\/gl\/wp-json\/wp\/v2\/types\/post"}],"author":[{"embeddable":true,"href":"https:\/\/mariasolar.com\/gl\/wp-json\/wp\/v2\/users\/3"}],"replies":[{"embeddable":true,"href":"https:\/\/mariasolar.com\/gl\/wp-json\/wp\/v2\/comments?post=1573"}],"version-history":[{"count":2,"href":"https:\/\/mariasolar.com\/gl\/wp-json\/wp\/v2\/posts\/1573\/revisions"}],"predecessor-version":[{"id":1630,"href":"https:\/\/mariasolar.com\/gl\/wp-json\/wp\/v2\/posts\/1573\/revisions\/1630"}],"wp:featuredmedia":[{"embeddable":true,"href":"https:\/\/mariasolar.com\/gl\/wp-json\/wp\/v2\/media\/1395"}],"wp:attachment":[{"href":"https:\/\/mariasolar.com\/gl\/wp-json\/wp\/v2\/media?parent=1573"}],"wp:term":[{"taxonomy":"category","embeddable":true,"href":"https:\/\/mariasolar.com\/gl\/wp-json\/wp\/v2\/categories?post=1573"},{"taxonomy":"post_tag","embeddable":true,"href":"https:\/\/mariasolar.com\/gl\/wp-json\/wp\/v2\/tags?post=1573"}],"curies":[{"name":"wp","href":"https:\/\/api.w.org\/{rel}","templated":true}]}}