{"id":1574,"date":"2020-02-16T14:11:06","date_gmt":"2020-02-16T14:11:06","guid":{"rendered":"https:\/\/mariasolar.com\/2020\/02\/16\/estrea-en-santiago-da-adaptacion-teatral-de-os-nenos-da-variola\/"},"modified":"2020-02-16T14:11:06","modified_gmt":"2020-02-16T14:11:06","slug":"estrea-en-santiago-da-adaptacion-teatral-de-os-nenos-da-variola","status":"publish","type":"post","link":"https:\/\/mariasolar.com\/gl\/2020\/02\/16\/estrea-en-santiago-da-adaptacion-teatral-de-os-nenos-da-variola\/","title":{"rendered":"ESTREA EN SANTIAGO DA ADAPTACI\u00d3N TEATRAL DE \u201cOS NENOS DA VAR\u00cdOLA\u201d"},"content":{"rendered":"<p>[vc_row][vc_column width=&#8221;1\/2&#8243;][vc_column_text]A obra dirixida por Victoria P\u00e9rez conta no elenco con Manu Fern\u00e1ndez, Isabel Risco e Xos\u00e9 Leis. Eles ser\u00e1n os encargados de desenvolver esta peza teatral para p\u00fablico familiar que se estrea do 28 de febreiro no Sal\u00f3n Teatro en Santiago con funci\u00f3ns tam\u00e9n o 29 de febreiro e 1 de marzo. Desde esa data a compa\u00f1\u00eda inicia unha intensa xira por Galicia.<\/p>\n<p>A adaptaci\u00f3n conta a historia da Real Expedici\u00f3n Filantr\u00f3pica da Vacina, que en 1803 partiu do porto d\u00b4A Coru\u00f1a con vinte e dous nenos de entre 3 e 9 anos procedentes de orfanatos de Madrid, Santiago e A Coru\u00f1a.<\/p>\n<p>Estes nenos forman unha cadea humana para levar a vacina, brazo a brazo, en perfectas condici\u00f3ns at\u00e9 Am\u00e9rica onde se sufr\u00eda unha forte e mortal epidemia. Foi a primeira vez que se implantou a vacinaci\u00f3n como un m\u00e9todo de medicina preventiva e grazas eles hoxe a var\u00edola \u00e9 a \u00fanica enfermidade erradicada do planeta cunha vacina.<\/p>\n<p>Isabel Zendal, o Doutor Balmis, Ezequiel, In\u00e9s, Tom\u00e1s, ou Clemente tomar\u00e1n agora vida sobre os escenarios na que promete ser unha exitosa xira teatral.[\/vc_column_text][\/vc_column][vc_column width=&#8221;1\/2&#8243;]<div class=\"wpb_content_element   clearfix\"><style type=\"text\/css\">#ut_ig_69f247bd73b70 .ut-lazy:not(.ut-image-loaded) + .ut-video-module-loading { display:block; }#ut_ig_69f247bd73b70 .ut-lazy.ut-image-loaded + .ut-video-module-loading { display:none; }<\/style><div id=\"ut_ig_69f247bd73b70\" class=\"ut-image-gallery ut-image-gallery-module  clearfix\" data-settings=\"{&quot;animate&quot;:true,&quot;effect&quot;:&quot;&quot;,&quot;lazy&quot;:true,&quot;delay_animation&quot;:false,&quot;global_delay_animation&quot;:false,&quot;delay_timer&quot;:100,&quot;global_delay_timer&quot;:100}\" ><div  data-count=\"1\" class=\"ut-image-gallery-item ut-animation-done grid-100 tablet-grid-100 mobile-grid-100\"><a  class=\"ut-vc-images-lightbox ut-vc-images-lightbox-group-image\"  data-exthumbimage=\"https:\/\/mariasolar.com\/wp-content\/uploads\/2020\/02\/teatro_os-nenos-da-variola.jpg\" href=\"https:\/\/mariasolar.com\/wp-content\/uploads\/2020\/02\/teatro_os-nenos-da-variola-511x720.jpg\" ><div class=\"ut-image-gallery-image\" ><img loading=\"lazy\" decoding=\"async\"  class=\" ut-lazy skip-lazy\" src=\"data:image\/svg+xml;charset=utf-8,%3Csvg xmlns%3D'http%3A%2F%2Fwww.w3.org%2F2000%2Fsvg' viewBox%3D'0 0 560 789'%2F%3E\" data-src=\"https:\/\/mariasolar.com\/wp-content\/uploads\/2020\/02\/teatro_os-nenos-da-variola.jpg\" width=\"560\" height=\"789\"><\/div><\/a><\/div><div class=\"ut-image-gallery-sizer\"><\/div><div class=\"clear\"><\/div><\/div><\/div>[\/vc_column][\/vc_row][vc_row][vc_column][\/vc_column][\/vc_row][vc_section][\/vc_section]<\/p>\n","protected":false},"excerpt":{"rendered":"<p>[vc_row][vc_column width=&#8221;1\/2&#8243;][vc_column_text]A obra dirixida por Victoria P\u00e9rez conta no elenco con Manu Fern\u00e1ndez, Isabel Risco e Xos\u00e9 Leis. Eles ser\u00e1n os encargados de desenvolver esta peza teatral para p\u00fablico familiar que se estrea do 28 de febreiro no Sal\u00f3n Teatro en Santiago con funci\u00f3ns tam\u00e9n o 29 de febreiro e 1 de marzo. Desde esa [&hellip;]<\/p>\n","protected":false},"author":3,"featured_media":1258,"comment_status":"closed","ping_status":"open","sticky":false,"template":"","format":"standard","meta":{"_jetpack_newsletter_access":"","_jetpack_dont_email_post_to_subs":false,"_jetpack_newsletter_tier_id":0,"footnotes":""},"categories":[31,32],"tags":[],"jetpack_featured_media_url":"https:\/\/mariasolar.com\/wp-content\/uploads\/2020\/02\/16_feb_20.jpg","jetpack_sharing_enabled":true,"jetpack_shortlink":"https:\/\/wp.me\/pfpfpi-po","_links":{"self":[{"href":"https:\/\/mariasolar.com\/gl\/wp-json\/wp\/v2\/posts\/1574"}],"collection":[{"href":"https:\/\/mariasolar.com\/gl\/wp-json\/wp\/v2\/posts"}],"about":[{"href":"https:\/\/mariasolar.com\/gl\/wp-json\/wp\/v2\/types\/post"}],"author":[{"embeddable":true,"href":"https:\/\/mariasolar.com\/gl\/wp-json\/wp\/v2\/users\/3"}],"replies":[{"embeddable":true,"href":"https:\/\/mariasolar.com\/gl\/wp-json\/wp\/v2\/comments?post=1574"}],"version-history":[{"count":0,"href":"https:\/\/mariasolar.com\/gl\/wp-json\/wp\/v2\/posts\/1574\/revisions"}],"wp:featuredmedia":[{"embeddable":true,"href":"https:\/\/mariasolar.com\/gl\/wp-json\/wp\/v2\/media\/1258"}],"wp:attachment":[{"href":"https:\/\/mariasolar.com\/gl\/wp-json\/wp\/v2\/media?parent=1574"}],"wp:term":[{"taxonomy":"category","embeddable":true,"href":"https:\/\/mariasolar.com\/gl\/wp-json\/wp\/v2\/categories?post=1574"},{"taxonomy":"post_tag","embeddable":true,"href":"https:\/\/mariasolar.com\/gl\/wp-json\/wp\/v2\/tags?post=1574"}],"curies":[{"name":"wp","href":"https:\/\/api.w.org\/{rel}","templated":true}]}}