{"id":1597,"date":"2017-06-11T15:53:34","date_gmt":"2017-06-11T15:53:34","guid":{"rendered":"https:\/\/mariasolar.com\/2017\/06\/11\/as-horas-roubadas-premio-frei-martin-sarmiento-a-mellor-novela-de-2016\/"},"modified":"2017-06-11T15:53:34","modified_gmt":"2017-06-11T15:53:34","slug":"as-horas-roubadas-premio-frei-martin-sarmiento-a-mellor-novela-de-2016","status":"publish","type":"post","link":"https:\/\/mariasolar.com\/gl\/2017\/06\/11\/as-horas-roubadas-premio-frei-martin-sarmiento-a-mellor-novela-de-2016\/","title":{"rendered":"&#8220;AS HORAS ROUBADAS&#8221; PREMIO FREI MART\u00cdN SARMIENTO \u00c1 MELLOR NOVELA DE 2016"},"content":{"rendered":"<p>[vc_section][vc_row][vc_column][ut_parallax_quote quotation_marks=&#8221;no&#8221; quote_font_source=&#8221;google&#8221; quote_google_fonts=&#8221;font_family:Raleway%3A100%2C100italic%2C200%2C200italic%2C300%2C300italic%2Cregular%2Citalic%2C500%2C500italic%2C600%2C600italic%2C700%2C700italic%2C800%2C800italic%2C900%2C900italic|font_style:400%20regular%3A400%3Anormal&#8221; quote_font_size=&#8221;20&#8243;]A Cidade da Cultura de Santiago de Compostela acolleu a entrega dos premios Frei Martin Sarmiento que outorgan os lectores \u00e1s obras m\u00e1is destacadas do ano en infantil, xuvenil e adultos.[\/ut_parallax_quote][\/vc_column][\/vc_row][\/vc_section][vc_row][vc_column width=&#8221;1\/2&#8243;][vc_column_text]<\/p>\n<header class=\"special container\"><\/header>\n<section class=\"wrapper style4 container\">\n<div class=\"content row\">\n<div class=\"6u news-right-column\">\n<section><\/section>\n<section><\/section>\n<section><\/section>\n<section><\/section>\n<section>A obra \u201cAs horas roubadas\u201d de Mar\u00eda Solar, publicada por editorial Xerais, foi elixida mellor novela de adultos en 2016. A novela foi tam\u00e9n publicada por Grijalbo en castel\u00e1n como \u201cLas horas robadas\u201d e pronto sair\u00e1 en polaco co Kobiece. \u00c9 unha novela coral sobre amor e desamor que percorre tres xeraci\u00f3ns, fiada por un segredo familiar. Est\u00e1 ambientada en 1979 en plena transici\u00f3n espa\u00f1ola.<\/section>\n<section><\/section>\n<section><\/section>\n<section><\/section>\n<section><\/section>\n<\/div>\n<\/div>\n<\/section>\n<p>[\/vc_column_text][\/vc_column][vc_column width=&#8221;1\/2&#8243;]<div class=\"wpb_content_element   clearfix\"><style type=\"text\/css\">#ut_ig_69f5c1b96a554 .ut-lazy:not(.ut-image-loaded) + .ut-video-module-loading { display:block; }#ut_ig_69f5c1b96a554 .ut-lazy.ut-image-loaded + .ut-video-module-loading { display:none; }<\/style><div id=\"ut_ig_69f5c1b96a554\" class=\"ut-image-gallery ut-image-gallery-module  clearfix\" data-settings=\"{&quot;animate&quot;:true,&quot;effect&quot;:&quot;&quot;,&quot;lazy&quot;:true,&quot;delay_animation&quot;:false,&quot;global_delay_animation&quot;:false,&quot;delay_timer&quot;:100,&quot;global_delay_timer&quot;:100}\" ><div  data-count=\"1\" class=\"ut-image-gallery-item ut-animation-done grid-100 tablet-grid-100 mobile-grid-100\"><a  class=\"ut-vc-images-lightbox ut-vc-images-lightbox-group-image\"  data-exthumbimage=\"https:\/\/mariasolar.com\/wp-content\/uploads\/2017\/06\/premio-as-horas-roubadas_maria-solar.jpg\" href=\"https:\/\/mariasolar.com\/wp-content\/uploads\/2017\/06\/premio-as-horas-roubadas_maria-solar.jpg\" ><div class=\"ut-image-gallery-image\" ><img loading=\"lazy\" decoding=\"async\"  class=\" ut-lazy skip-lazy\" src=\"data:image\/svg+xml;charset=utf-8,%3Csvg xmlns%3D'http%3A%2F%2Fwww.w3.org%2F2000%2Fsvg' viewBox%3D'0 0 1160 1160'%2F%3E\" data-src=\"https:\/\/mariasolar.com\/wp-content\/uploads\/2017\/06\/premio-as-horas-roubadas_maria-solar-1160x1160.jpg\" width=\"1160\" height=\"1160\"><\/div><\/a><\/div><div class=\"ut-image-gallery-sizer\"><\/div><div class=\"clear\"><\/div><\/div><\/div>[\/vc_column][\/vc_row]<\/p>\n","protected":false},"excerpt":{"rendered":"<p>[vc_section][vc_row][vc_column][ut_parallax_quote quotation_marks=&#8221;no&#8221; quote_font_source=&#8221;google&#8221; quote_google_fonts=&#8221;font_family:Raleway%3A100%2C100italic%2C200%2C200italic%2C300%2C300italic%2Cregular%2Citalic%2C500%2C500italic%2C600%2C600italic%2C700%2C700italic%2C800%2C800italic%2C900%2C900italic|font_style:400%20regular%3A400%3Anormal&#8221; quote_font_size=&#8221;20&#8243;]A Cidade da Cultura de Santiago de Compostela acolleu a entrega dos premios Frei Martin Sarmiento que outorgan os lectores \u00e1s obras m\u00e1is destacadas do ano en infantil, xuvenil e adultos.[\/ut_parallax_quote][\/vc_column][\/vc_row][\/vc_section][vc_row][vc_column width=&#8221;1\/2&#8243;][vc_column_text] A obra \u201cAs horas roubadas\u201d de Mar\u00eda Solar, publicada por editorial Xerais, foi elixida mellor novela de adultos en [&hellip;]<\/p>\n","protected":false},"author":3,"featured_media":1324,"comment_status":"closed","ping_status":"open","sticky":false,"template":"","format":"standard","meta":{"_jetpack_newsletter_access":"","_jetpack_dont_email_post_to_subs":false,"_jetpack_newsletter_tier_id":0,"footnotes":""},"categories":[31,32],"tags":[],"jetpack_featured_media_url":"https:\/\/mariasolar.com\/wp-content\/uploads\/2017\/06\/premio-as-horas-roubadas_maria-solar.jpg","jetpack_sharing_enabled":true,"jetpack_shortlink":"https:\/\/wp.me\/pfpfpi-pL","_links":{"self":[{"href":"https:\/\/mariasolar.com\/gl\/wp-json\/wp\/v2\/posts\/1597"}],"collection":[{"href":"https:\/\/mariasolar.com\/gl\/wp-json\/wp\/v2\/posts"}],"about":[{"href":"https:\/\/mariasolar.com\/gl\/wp-json\/wp\/v2\/types\/post"}],"author":[{"embeddable":true,"href":"https:\/\/mariasolar.com\/gl\/wp-json\/wp\/v2\/users\/3"}],"replies":[{"embeddable":true,"href":"https:\/\/mariasolar.com\/gl\/wp-json\/wp\/v2\/comments?post=1597"}],"version-history":[{"count":0,"href":"https:\/\/mariasolar.com\/gl\/wp-json\/wp\/v2\/posts\/1597\/revisions"}],"wp:featuredmedia":[{"embeddable":true,"href":"https:\/\/mariasolar.com\/gl\/wp-json\/wp\/v2\/media\/1324"}],"wp:attachment":[{"href":"https:\/\/mariasolar.com\/gl\/wp-json\/wp\/v2\/media?parent=1597"}],"wp:term":[{"taxonomy":"category","embeddable":true,"href":"https:\/\/mariasolar.com\/gl\/wp-json\/wp\/v2\/categories?post=1597"},{"taxonomy":"post_tag","embeddable":true,"href":"https:\/\/mariasolar.com\/gl\/wp-json\/wp\/v2\/tags?post=1597"}],"curies":[{"name":"wp","href":"https:\/\/api.w.org\/{rel}","templated":true}]}}