{"id":1792,"date":"2023-05-02T21:50:40","date_gmt":"2023-05-02T21:50:40","guid":{"rendered":"https:\/\/mariasolar.com\/?p=1792"},"modified":"2023-05-02T21:50:40","modified_gmt":"2023-05-02T21:50:40","slug":"novas-sinaturas-nas-feiras-do-libro-de-galicia-e-madrid-e-cita-en-valencia-negra","status":"publish","type":"post","link":"https:\/\/mariasolar.com\/gl\/2023\/05\/02\/novas-sinaturas-nas-feiras-do-libro-de-galicia-e-madrid-e-cita-en-valencia-negra\/","title":{"rendered":"Novas sinaturas nas feiras do libro de Galicia e Madrid e cita en Valencia Negra"},"content":{"rendered":"<p>[vc_section][vc_row][vc_column][ut_parallax_quote quote_linebreak_mobile=&#8221;on&#8221; quotation_marks=&#8221;no&#8221; quote_font_source=&#8221;google&#8221; quote_google_fonts=&#8221;font_family:Raleway%3A100%2C100italic%2C200%2C200italic%2C300%2C300italic%2Cregular%2Citalic%2C500%2C500italic%2C600%2C600italic%2C700%2C700italic%2C800%2C800italic%2C900%2C900italic|font_style:400%20regular%3A400%3Anormal&#8221; quote_font_size=&#8221;20&#8243; quote_ins_font_weight=&#8221;&#8221; cite_font_weight=&#8221;&#8221;][\/ut_parallax_quote][\/vc_column][\/vc_row][\/vc_section][vc_row][vc_column width=&#8221;1\/2&#8243;][vc_column_text]<span style=\"color: #000000;\"><span style=\"font-family: Calibri, sans-serif;\"><span style=\"font-size: medium;\">Trala cita do Sant Jordi en Barcelona abre o calendario de feiras do libro \u00e1s que Mar\u00eda Solar asistir\u00e1 en Galicia e Madrid para firmar \u201cA culpa\u201d en galego, castel\u00e1n e catal\u00e1n. As primeiras novas citas son en Galicia nas feiras de Ferrol, Santiago, Lugo, Vigo e A Coru\u00f1a. <\/span><\/span><\/span><\/p>\n<p><span style=\"color: #000000;\">\u201c<span style=\"font-family: Calibri, sans-serif;\"><span style=\"font-size: medium;\">La culpa\u201d, ga\u00f1adora do premio Xerais de novela 2022, foi publicada pola editorial Xerais en galego e por Contraluz en castel\u00e1n e catal\u00e1n. <\/span><\/span><\/span><\/p>\n<p><span style=\"color: #000000;\"><span style=\"font-family: Calibri, sans-serif;\"><span style=\"font-size: medium;\">O s\u00e1bado 13 de maio la cita ser\u00e1 no prestixioso festival \u201cValencia Negra\u201d, \u00e1s 19h acompa\u00f1ada da autora Carme Chaparro nunha conversa sobre \u201cRomper los l\u00edmites\u201d na que ambas, moderadas por Miguel Coll, debullaran o xeito no que as autoras buscan novas sorpresas rompendo os l\u00edmites para chegar a uns lectores de thriller cada vez m\u00e1is acostumados ao inesperado.<\/span><\/span><\/span><\/p>\n<p><span style=\"color: #000000;\"><span style=\"font-family: Calibri, sans-serif;\"><span style=\"font-size: medium;\">A cita na feira de Madrid ser\u00e1 na caseta do grupo Anaya o domingo 4 de xu\u00f1o de 12 a 14h<\/span><\/span><\/span>[\/vc_column_text][\/vc_column][vc_column width=&#8221;1\/2&#8243;]<div class=\"wpb_content_element   clearfix\"><style type=\"text\/css\">#ut_ig_69f4438c2087f .ut-lazy:not(.ut-image-loaded) + .ut-video-module-loading { display:block; }#ut_ig_69f4438c2087f .ut-lazy.ut-image-loaded + .ut-video-module-loading { display:none; }<\/style><div id=\"ut_ig_69f4438c2087f\" class=\"ut-image-gallery ut-image-gallery-module  clearfix\" data-settings=\"{&quot;animate&quot;:true,&quot;effect&quot;:&quot;&quot;,&quot;lazy&quot;:true,&quot;delay_animation&quot;:false,&quot;global_delay_animation&quot;:false,&quot;delay_timer&quot;:100,&quot;global_delay_timer&quot;:100}\" ><div  data-count=\"1\" class=\"ut-image-gallery-item ut-animation-done grid-100 tablet-grid-100 mobile-grid-100\"><a  class=\"ut-vc-images-lightbox ut-vc-images-lightbox-group-image\"  data-exthumbimage=\"https:\/\/mariasolar.com\/wp-content\/uploads\/2023\/05\/f49914d6-ad7c-46d1-8356-a6c76e21717a-200x200.jpg\" href=\"https:\/\/mariasolar.com\/wp-content\/uploads\/2023\/05\/f49914d6-ad7c-46d1-8356-a6c76e21717a-542x720.jpg\" ><div class=\"ut-image-gallery-image\" ><img loading=\"lazy\" decoding=\"async\"  class=\" ut-lazy skip-lazy\" src=\"data:image\/svg+xml;charset=utf-8,%3Csvg xmlns%3D'http%3A%2F%2Fwww.w3.org%2F2000%2Fsvg' viewBox%3D'0 0 1160 1160'%2F%3E\" data-src=\"https:\/\/mariasolar.com\/wp-content\/uploads\/2023\/05\/f49914d6-ad7c-46d1-8356-a6c76e21717a-1160x1160.jpg\" width=\"1160\" height=\"1160\"><\/div><\/a><\/div><div class=\"ut-image-gallery-sizer\"><\/div><div class=\"clear\"><\/div><\/div><\/div>[\/vc_column][\/vc_row]<\/p>\n","protected":false},"excerpt":{"rendered":"<p>[vc_section][vc_row][vc_column][ut_parallax_quote quote_linebreak_mobile=&#8221;on&#8221; quotation_marks=&#8221;no&#8221; quote_font_source=&#8221;google&#8221; quote_google_fonts=&#8221;font_family:Raleway%3A100%2C100italic%2C200%2C200italic%2C300%2C300italic%2Cregular%2Citalic%2C500%2C500italic%2C600%2C600italic%2C700%2C700italic%2C800%2C800italic%2C900%2C900italic|font_style:400%20regular%3A400%3Anormal&#8221; quote_font_size=&#8221;20&#8243; quote_ins_font_weight=&#8221;&#8221; cite_font_weight=&#8221;&#8221;][\/ut_parallax_quote][\/vc_column][\/vc_row][\/vc_section][vc_row][vc_column width=&#8221;1\/2&#8243;][vc_column_text]Trala cita do Sant Jordi en Barcelona abre o calendario de feiras do libro \u00e1s que Mar\u00eda Solar asistir\u00e1 en Galicia e Madrid para firmar \u201cA culpa\u201d en galego, castel\u00e1n e catal\u00e1n. As primeiras novas citas son en Galicia nas feiras de Ferrol, Santiago, Lugo, Vigo e [&hellip;]<\/p>\n","protected":false},"author":3,"featured_media":1783,"comment_status":"closed","ping_status":"open","sticky":false,"template":"","format":"standard","meta":{"_jetpack_newsletter_access":"","_jetpack_dont_email_post_to_subs":false,"_jetpack_newsletter_tier_id":0,"footnotes":""},"categories":[30,31],"tags":[],"jetpack_featured_media_url":"https:\/\/mariasolar.com\/wp-content\/uploads\/2023\/05\/f49914d6-ad7c-46d1-8356-a6c76e21717a.jpg","jetpack_sharing_enabled":true,"jetpack_shortlink":"https:\/\/wp.me\/pfpfpi-sU","_links":{"self":[{"href":"https:\/\/mariasolar.com\/gl\/wp-json\/wp\/v2\/posts\/1792"}],"collection":[{"href":"https:\/\/mariasolar.com\/gl\/wp-json\/wp\/v2\/posts"}],"about":[{"href":"https:\/\/mariasolar.com\/gl\/wp-json\/wp\/v2\/types\/post"}],"author":[{"embeddable":true,"href":"https:\/\/mariasolar.com\/gl\/wp-json\/wp\/v2\/users\/3"}],"replies":[{"embeddable":true,"href":"https:\/\/mariasolar.com\/gl\/wp-json\/wp\/v2\/comments?post=1792"}],"version-history":[{"count":1,"href":"https:\/\/mariasolar.com\/gl\/wp-json\/wp\/v2\/posts\/1792\/revisions"}],"predecessor-version":[{"id":1793,"href":"https:\/\/mariasolar.com\/gl\/wp-json\/wp\/v2\/posts\/1792\/revisions\/1793"}],"wp:featuredmedia":[{"embeddable":true,"href":"https:\/\/mariasolar.com\/gl\/wp-json\/wp\/v2\/media\/1783"}],"wp:attachment":[{"href":"https:\/\/mariasolar.com\/gl\/wp-json\/wp\/v2\/media?parent=1792"}],"wp:term":[{"taxonomy":"category","embeddable":true,"href":"https:\/\/mariasolar.com\/gl\/wp-json\/wp\/v2\/categories?post=1792"},{"taxonomy":"post_tag","embeddable":true,"href":"https:\/\/mariasolar.com\/gl\/wp-json\/wp\/v2\/tags?post=1792"}],"curies":[{"name":"wp","href":"https:\/\/api.w.org\/{rel}","templated":true}]}}