{"id":1834,"date":"2023-08-27T09:16:17","date_gmt":"2023-08-27T09:16:17","guid":{"rendered":"https:\/\/mariasolar.com\/?p=1834"},"modified":"2023-08-27T09:27:54","modified_gmt":"2023-08-27T09:27:54","slug":"no-outono-mais-encontros-con-a-culpa","status":"publish","type":"post","link":"https:\/\/mariasolar.com\/gl\/2023\/08\/27\/no-outono-mais-encontros-con-a-culpa\/","title":{"rendered":"NO OUTONO M\u00c1IS ENCONTROS CON \u201cA CULPA\u201d"},"content":{"rendered":"<p>[vc_section][vc_row][vc_column][ut_parallax_quote quote_linebreak_mobile=&#8221;on&#8221; quotation_marks=&#8221;no&#8221; quote_font_source=&#8221;google&#8221; quote_google_fonts=&#8221;font_family:Raleway%3A100%2C100italic%2C200%2C200italic%2C300%2C300italic%2Cregular%2Citalic%2C500%2C500italic%2C600%2C600italic%2C700%2C700italic%2C800%2C800italic%2C900%2C900italic|font_style:400%20regular%3A400%3Anormal&#8221; quote_font_size=&#8221;20&#8243; quote_ins_font_weight=&#8221;&#8221; cite_font_weight=&#8221;&#8221;][\/ut_parallax_quote][\/vc_column][\/vc_row][\/vc_section][vc_row][vc_column width=&#8221;1\/2&#8243;][vc_column_text]Nos \u00faltimos meses foron moitos os encontros cos lectores de <em>A Culpa<\/em> por toda Espa\u00f1a. Desde as visitas a libreiros de Barcelona, Tarragona e Girona ao maravilloso <em>Sant Jordi<\/em> ou a <em>Feira do libro de Madrid<\/em> ata o festival <em>Valencia Negra<\/em> na mesa compartida con Carme Chaparro, encontros en librar\u00edas como <em>El libro imposible<\/em> en Ponferrada, pasando pola ampla presentaci\u00f3n en Galicia por ducias de cidades e vilas, feiras do libro, librar\u00edas, citas como <em>Cidade de Libro<\/em> en Vilagarc\u00eda nun multitudinario encontro de novo con Carme Chaparro e Juan Tall\u00f3n. O broche do ver\u00e1n foi na presentaci\u00f3n ateigada de p\u00fablico na <em>Feira do Libro da Coru\u00f1a<\/em> acompa\u00f1ada pola xornalista Fernanda Tabar\u00e9s.<\/p>\n<p>Tras todas estas citas e o descanso vacacional, a nova tempada deixa m\u00e1is ocasi\u00f3ns para o conversar cos lectores. As primeiras citas pasan polo encontro <em>Afinades Electivas<\/em> o 2 de setembro en Becerre\u00e1, <em>Getafe Negro<\/em> en outubro, a Universidade de Valencia en Novembro ou as <em>Xornadas de Novela Negra <\/em>de Ver\u00edn en xaneiro.<\/p>\n<p><em>A Culpa<\/em> de Mar\u00eda Solar, premio Xerais 2022, est\u00e1 editado en galego por Xerais e en Castel\u00e1n e catal\u00e1n pola editorial Contraluz.[\/vc_column_text][\/vc_column][vc_column width=&#8221;1\/2&#8243;]<div class=\"wpb_content_element   clearfix\"><style type=\"text\/css\">#ut_ig_69f40a7766fc6 .ut-lazy:not(.ut-image-loaded) + .ut-video-module-loading { display:block; }#ut_ig_69f40a7766fc6 .ut-lazy.ut-image-loaded + .ut-video-module-loading { display:none; }<\/style><div id=\"ut_ig_69f40a7766fc6\" class=\"ut-image-gallery ut-image-gallery-module  clearfix\" data-settings=\"{&quot;animate&quot;:true,&quot;effect&quot;:&quot;&quot;,&quot;lazy&quot;:true,&quot;delay_animation&quot;:false,&quot;global_delay_animation&quot;:false,&quot;delay_timer&quot;:100,&quot;global_delay_timer&quot;:100}\" ><div  data-count=\"1\" class=\"ut-image-gallery-item ut-animation-done grid-100 tablet-grid-100 mobile-grid-100\"><a  class=\"ut-vc-images-lightbox ut-vc-images-lightbox-group-image\"  data-exthumbimage=\"https:\/\/mariasolar.com\/wp-content\/uploads\/2023\/08\/P1002042-200x200.jpg\" href=\"https:\/\/mariasolar.com\/wp-content\/uploads\/2023\/08\/P1002042-1112x720.jpg\" ><div class=\"ut-image-gallery-image\" ><img loading=\"lazy\" decoding=\"async\"  class=\" ut-lazy skip-lazy\" src=\"data:image\/svg+xml;charset=utf-8,%3Csvg xmlns%3D'http%3A%2F%2Fwww.w3.org%2F2000%2Fsvg' viewBox%3D'0 0 1160 1160'%2F%3E\" data-src=\"https:\/\/mariasolar.com\/wp-content\/uploads\/2023\/08\/P1002042-1160x1160.jpg\" width=\"1160\" height=\"1160\"><\/div><\/a><\/div><div class=\"ut-image-gallery-sizer\"><\/div><div class=\"clear\"><\/div><\/div><\/div>[\/vc_column][\/vc_row]<\/p>\n","protected":false},"excerpt":{"rendered":"<p>[vc_section][vc_row][vc_column][ut_parallax_quote quote_linebreak_mobile=&#8221;on&#8221; quotation_marks=&#8221;no&#8221; quote_font_source=&#8221;google&#8221; quote_google_fonts=&#8221;font_family:Raleway%3A100%2C100italic%2C200%2C200italic%2C300%2C300italic%2Cregular%2Citalic%2C500%2C500italic%2C600%2C600italic%2C700%2C700italic%2C800%2C800italic%2C900%2C900italic|font_style:400%20regular%3A400%3Anormal&#8221; quote_font_size=&#8221;20&#8243; quote_ins_font_weight=&#8221;&#8221; cite_font_weight=&#8221;&#8221;][\/ut_parallax_quote][\/vc_column][\/vc_row][\/vc_section][vc_row][vc_column width=&#8221;1\/2&#8243;][vc_column_text]Nos \u00faltimos meses foron moitos os encontros cos lectores de A Culpa por toda Espa\u00f1a. Desde as visitas a libreiros de Barcelona, Tarragona e Girona ao maravilloso Sant Jordi ou a Feira do libro de Madrid ata o festival Valencia Negra na mesa compartida con Carme Chaparro, [&hellip;]<\/p>\n","protected":false},"author":3,"featured_media":1830,"comment_status":"closed","ping_status":"open","sticky":false,"template":"","format":"standard","meta":{"_jetpack_newsletter_access":"","_jetpack_dont_email_post_to_subs":false,"_jetpack_newsletter_tier_id":0,"footnotes":""},"categories":[30,31],"tags":[],"jetpack_featured_media_url":"https:\/\/mariasolar.com\/wp-content\/uploads\/2023\/08\/P1002042.jpg","jetpack_sharing_enabled":true,"jetpack_shortlink":"https:\/\/wp.me\/pfpfpi-tA","_links":{"self":[{"href":"https:\/\/mariasolar.com\/gl\/wp-json\/wp\/v2\/posts\/1834"}],"collection":[{"href":"https:\/\/mariasolar.com\/gl\/wp-json\/wp\/v2\/posts"}],"about":[{"href":"https:\/\/mariasolar.com\/gl\/wp-json\/wp\/v2\/types\/post"}],"author":[{"embeddable":true,"href":"https:\/\/mariasolar.com\/gl\/wp-json\/wp\/v2\/users\/3"}],"replies":[{"embeddable":true,"href":"https:\/\/mariasolar.com\/gl\/wp-json\/wp\/v2\/comments?post=1834"}],"version-history":[{"count":3,"href":"https:\/\/mariasolar.com\/gl\/wp-json\/wp\/v2\/posts\/1834\/revisions"}],"predecessor-version":[{"id":1837,"href":"https:\/\/mariasolar.com\/gl\/wp-json\/wp\/v2\/posts\/1834\/revisions\/1837"}],"wp:featuredmedia":[{"embeddable":true,"href":"https:\/\/mariasolar.com\/gl\/wp-json\/wp\/v2\/media\/1830"}],"wp:attachment":[{"href":"https:\/\/mariasolar.com\/gl\/wp-json\/wp\/v2\/media?parent=1834"}],"wp:term":[{"taxonomy":"category","embeddable":true,"href":"https:\/\/mariasolar.com\/gl\/wp-json\/wp\/v2\/categories?post=1834"},{"taxonomy":"post_tag","embeddable":true,"href":"https:\/\/mariasolar.com\/gl\/wp-json\/wp\/v2\/tags?post=1834"}],"curies":[{"name":"wp","href":"https:\/\/api.w.org\/{rel}","templated":true}]}}