{"id":2047,"date":"2024-02-02T19:31:59","date_gmt":"2024-02-02T19:31:59","guid":{"rendered":"https:\/\/mariasolar.com\/?p=2047"},"modified":"2024-02-03T18:56:47","modified_gmt":"2024-02-03T18:56:47","slug":"adeline-chega-as-librarias-en-febreiro","status":"publish","type":"post","link":"https:\/\/mariasolar.com\/gl\/2024\/02\/02\/adeline-chega-as-librarias-en-febreiro\/","title":{"rendered":"\u201cAdeline\u201d chega \u00e1s librar\u00edas en febreiro"},"content":{"rendered":"<p>[vc_section][vc_row][vc_column][ut_parallax_quote quote_linebreak_mobile=&#8221;on&#8221; quotation_marks=&#8221;no&#8221; quote_font_source=&#8221;google&#8221; quote_google_fonts=&#8221;font_family:Raleway%3A100%2C100italic%2C200%2C200italic%2C300%2C300italic%2Cregular%2Citalic%2C500%2C500italic%2C600%2C600italic%2C700%2C700italic%2C800%2C800italic%2C900%2C900italic|font_style:400%20regular%3A400%3Anormal&#8221; quote_font_size=&#8221;20&#8243; quote_ins_font_weight=&#8221;&#8221; cite_font_weight=&#8221;&#8221;][\/ut_parallax_quote][\/vc_column][\/vc_row][\/vc_section][vc_row][vc_column width=&#8221;1\/2&#8243;][vc_column_text]<\/p>\n<p align=\"JUSTIFY\">Mar\u00eda Solar regresa \u00e1s librar\u00edas neste mes de febreiro con \u201cAdeline\u201d, finalista do Premio Jules Verne de novela xuvenil. Tr\u00e1tase dunha homenaxe a \u201cCarmilla\u201d, a primeira novela do x\u00e9nero vamp\u00edrico, escrita 25 anos antes de Dr\u00e1cula. \u201cCarmilla\u201d, escrita por Joseph Sheridan Le Fanu, foi un fito na novela g\u00f3tica de terror. Unha novela valente e atrevida protagonizada por unha vampira adolescente que seduce a outra rapaza da s\u00faa idade.<\/p>\n<p align=\"JUSTIFY\">Mar\u00eda Solar crea agora a \u201cAdeline\u201d, situando na actualidade, entre Madrid e Ver\u00edn, e afondando en temas como a sa\u00fade mental, o amor, ou hipocris\u00eda social, sen perder a aventura, propia do universo vamp\u00edrico.<\/p>\n<p align=\"JUSTIFY\">A novela ver\u00e1 a luz en tres idiomas neste mes de febreiro: o orixinal galego coa editorial Xerais, a traduci\u00f3n ao castel\u00e1n con Anaya e ao catal\u00e1n con Bromera.<\/p>\n<p>[\/vc_column_text][\/vc_column][vc_column width=&#8221;1\/2&#8243;]<div class=\"wpb_content_element   clearfix\"><style type=\"text\/css\">#ut_ig_69f4a4406b824 .ut-lazy:not(.ut-image-loaded) + .ut-video-module-loading { display:block; }#ut_ig_69f4a4406b824 .ut-lazy.ut-image-loaded + .ut-video-module-loading { display:none; }<\/style><div id=\"ut_ig_69f4a4406b824\" class=\"ut-image-gallery ut-image-gallery-module  clearfix\" data-settings=\"{&quot;animate&quot;:true,&quot;effect&quot;:&quot;&quot;,&quot;lazy&quot;:true,&quot;delay_animation&quot;:false,&quot;global_delay_animation&quot;:false,&quot;delay_timer&quot;:100,&quot;global_delay_timer&quot;:100}\" ><div  data-count=\"1\" class=\"ut-image-gallery-item ut-animation-done grid-100 tablet-grid-100 mobile-grid-100\"><a  class=\"ut-vc-images-lightbox ut-vc-images-lightbox-group-image\"  data-exthumbimage=\"https:\/\/mariasolar.com\/wp-content\/uploads\/2023\/12\/Adeline-gall-200x200.jpg\" href=\"https:\/\/mariasolar.com\/wp-content\/uploads\/2023\/12\/Adeline-gall.jpg\" ><div class=\"ut-image-gallery-image\" ><img loading=\"lazy\" decoding=\"async\"  class=\" ut-lazy skip-lazy\" src=\"data:image\/svg+xml;charset=utf-8,%3Csvg xmlns%3D'http%3A%2F%2Fwww.w3.org%2F2000%2Fsvg' viewBox%3D'0 0 1160 1160'%2F%3E\" data-src=\"https:\/\/mariasolar.com\/wp-content\/uploads\/2023\/12\/Adeline-gall-1160x1160.jpg\" width=\"1160\" height=\"1160\"><\/div><\/a><\/div><div class=\"ut-image-gallery-sizer\"><\/div><div class=\"clear\"><\/div><\/div><\/div>[\/vc_column][\/vc_row]<\/p>\n","protected":false},"excerpt":{"rendered":"<p>[vc_section][vc_row][vc_column][ut_parallax_quote quote_linebreak_mobile=&#8221;on&#8221; quotation_marks=&#8221;no&#8221; quote_font_source=&#8221;google&#8221; quote_google_fonts=&#8221;font_family:Raleway%3A100%2C100italic%2C200%2C200italic%2C300%2C300italic%2Cregular%2Citalic%2C500%2C500italic%2C600%2C600italic%2C700%2C700italic%2C800%2C800italic%2C900%2C900italic|font_style:400%20regular%3A400%3Anormal&#8221; quote_font_size=&#8221;20&#8243; quote_ins_font_weight=&#8221;&#8221; cite_font_weight=&#8221;&#8221;][\/ut_parallax_quote][\/vc_column][\/vc_row][\/vc_section][vc_row][vc_column width=&#8221;1\/2&#8243;][vc_column_text] Mar\u00eda Solar regresa \u00e1s librar\u00edas neste mes de febreiro con \u201cAdeline\u201d, finalista do Premio Jules Verne de novela xuvenil. Tr\u00e1tase dunha homenaxe a \u201cCarmilla\u201d, a primeira novela do x\u00e9nero vamp\u00edrico, escrita 25 anos antes de Dr\u00e1cula. \u201cCarmilla\u201d, escrita por Joseph Sheridan Le Fanu, foi un fito [&hellip;]<\/p>\n","protected":false},"author":3,"featured_media":1872,"comment_status":"closed","ping_status":"open","sticky":false,"template":"","format":"standard","meta":{"_jetpack_newsletter_access":"","_jetpack_dont_email_post_to_subs":false,"_jetpack_newsletter_tier_id":0,"footnotes":""},"categories":[5],"tags":[],"jetpack_featured_media_url":"https:\/\/mariasolar.com\/wp-content\/uploads\/2023\/12\/Adeline-gall.jpg","jetpack_sharing_enabled":true,"jetpack_shortlink":"https:\/\/wp.me\/pfpfpi-x1","_links":{"self":[{"href":"https:\/\/mariasolar.com\/gl\/wp-json\/wp\/v2\/posts\/2047"}],"collection":[{"href":"https:\/\/mariasolar.com\/gl\/wp-json\/wp\/v2\/posts"}],"about":[{"href":"https:\/\/mariasolar.com\/gl\/wp-json\/wp\/v2\/types\/post"}],"author":[{"embeddable":true,"href":"https:\/\/mariasolar.com\/gl\/wp-json\/wp\/v2\/users\/3"}],"replies":[{"embeddable":true,"href":"https:\/\/mariasolar.com\/gl\/wp-json\/wp\/v2\/comments?post=2047"}],"version-history":[{"count":2,"href":"https:\/\/mariasolar.com\/gl\/wp-json\/wp\/v2\/posts\/2047\/revisions"}],"predecessor-version":[{"id":2049,"href":"https:\/\/mariasolar.com\/gl\/wp-json\/wp\/v2\/posts\/2047\/revisions\/2049"}],"wp:featuredmedia":[{"embeddable":true,"href":"https:\/\/mariasolar.com\/gl\/wp-json\/wp\/v2\/media\/1872"}],"wp:attachment":[{"href":"https:\/\/mariasolar.com\/gl\/wp-json\/wp\/v2\/media?parent=2047"}],"wp:term":[{"taxonomy":"category","embeddable":true,"href":"https:\/\/mariasolar.com\/gl\/wp-json\/wp\/v2\/categories?post=2047"},{"taxonomy":"post_tag","embeddable":true,"href":"https:\/\/mariasolar.com\/gl\/wp-json\/wp\/v2\/tags?post=2047"}],"curies":[{"name":"wp","href":"https:\/\/api.w.org\/{rel}","templated":true}]}}