{"id":2374,"date":"2026-04-26T18:39:22","date_gmt":"2026-04-26T18:39:22","guid":{"rendered":"https:\/\/mariasolar.com\/?p=2374"},"modified":"2026-04-26T18:42:52","modified_gmt":"2026-04-26T18:42:52","slug":"maio-de-presentacions-e-feiras-de-as-malas-ideas","status":"publish","type":"post","link":"https:\/\/mariasolar.com\/gl\/2026\/04\/26\/maio-de-presentacions-e-feiras-de-as-malas-ideas\/","title":{"rendered":"MAIO DE PRESENTACI\u00d3NS E FEIRAS DE \u201cAS MALAS IDEAS\u201d"},"content":{"rendered":"<p>[vc_section][vc_row][vc_column][ut_parallax_quote quote_linebreak_mobile=&#8221;on&#8221; quotation_marks=&#8221;no&#8221; quote_font_source=&#8221;google&#8221; quote_google_fonts=&#8221;font_family:Raleway%3A100%2C100italic%2C200%2C200italic%2C300%2C300italic%2Cregular%2Citalic%2C500%2C500italic%2C600%2C600italic%2C700%2C700italic%2C800%2C800italic%2C900%2C900italic|font_style:400%20regular%3A400%3Anormal&#8221; quote_font_size=&#8221;20&#8243; quote_ins_font_weight=&#8221;&#8221; cite_font_weight=&#8221;&#8221;][\/ut_parallax_quote][\/vc_column][\/vc_row][\/vc_section][vc_row][vc_column width=&#8221;1\/2&#8243;][vc_column_text]<\/p>\n<div dir=\"auto\">\n<p>Novo mes con moitas citas para \u201cAs malas ideas\u201d o libro publicado por Xerais en galego e por Crontraluz na traduci\u00f3n ao castel\u00e1n da propia autora \u201cLas malas ideas\u201d. Despois das xornadas marabillosas que xa pasaron en varias cidades galegas, entre elas en Ferrol, onde sucede a trama da novela, a novela segue cami\u00f1o.<\/p>\n<p>En maio as citas ser\u00e1n en Bueu o\u00a0 d\u00eda 6, a feira do libro de Santiago o 9, e Lugo o 15, Mar\u00edn Vila do Libro o 16, Letras no Campo en Ribadeo o 23, e algunha cita m\u00e1is que iremos contando. V\u00e9monos! Estade atentos \u00e1 redes sociais para co\u00f1ecer datas concretas, e horas.<\/p>\n<\/div>\n<div dir=\"auto\"><\/div>\n<p>[\/vc_column_text][\/vc_column][vc_column width=&#8221;1\/2&#8243;]<div class=\"wpb_content_element   clearfix\"><style type=\"text\/css\">#ut_ig_69ee9a3e78fe2 .ut-lazy:not(.ut-image-loaded) + .ut-video-module-loading { display:block; }#ut_ig_69ee9a3e78fe2 .ut-lazy.ut-image-loaded + .ut-video-module-loading { display:none; }<\/style><div id=\"ut_ig_69ee9a3e78fe2\" class=\"ut-image-gallery ut-image-gallery-module  clearfix\" data-settings=\"{&quot;animate&quot;:true,&quot;effect&quot;:&quot;&quot;,&quot;lazy&quot;:true,&quot;delay_animation&quot;:false,&quot;global_delay_animation&quot;:false,&quot;delay_timer&quot;:100,&quot;global_delay_timer&quot;:100}\" ><div  data-count=\"1\" class=\"ut-image-gallery-item ut-animation-done grid-100 tablet-grid-100 mobile-grid-100\"><a  class=\"ut-vc-images-lightbox ut-vc-images-lightbox-group-image\"  data-exthumbimage=\"https:\/\/mariasolar.com\/wp-content\/uploads\/2026\/04\/IMG_3968-200x200.jpg\" href=\"https:\/\/mariasolar.com\/wp-content\/uploads\/2026\/04\/IMG_3968-960x720.jpg\" ><div class=\"ut-image-gallery-image\" ><img loading=\"lazy\" decoding=\"async\"  class=\" ut-lazy skip-lazy\" src=\"data:image\/svg+xml;charset=utf-8,%3Csvg xmlns%3D'http%3A%2F%2Fwww.w3.org%2F2000%2Fsvg' viewBox%3D'0 0 1160 1160'%2F%3E\" data-src=\"https:\/\/mariasolar.com\/wp-content\/uploads\/2026\/04\/IMG_3968-1160x1160.jpg\" width=\"1160\" height=\"1160\"><\/div><\/a><\/div><div class=\"ut-image-gallery-sizer\"><\/div><div class=\"clear\"><\/div><\/div><\/div>[\/vc_column][\/vc_row]<\/p>\n","protected":false},"excerpt":{"rendered":"<p>[vc_section][vc_row][vc_column][ut_parallax_quote quote_linebreak_mobile=&#8221;on&#8221; quotation_marks=&#8221;no&#8221; quote_font_source=&#8221;google&#8221; quote_google_fonts=&#8221;font_family:Raleway%3A100%2C100italic%2C200%2C200italic%2C300%2C300italic%2Cregular%2Citalic%2C500%2C500italic%2C600%2C600italic%2C700%2C700italic%2C800%2C800italic%2C900%2C900italic|font_style:400%20regular%3A400%3Anormal&#8221; quote_font_size=&#8221;20&#8243; quote_ins_font_weight=&#8221;&#8221; cite_font_weight=&#8221;&#8221;][\/ut_parallax_quote][\/vc_column][\/vc_row][\/vc_section][vc_row][vc_column width=&#8221;1\/2&#8243;][vc_column_text] Novo mes con moitas citas para \u201cAs malas ideas\u201d o libro publicado por Xerais en galego e por Crontraluz na traduci\u00f3n ao castel\u00e1n da propia autora \u201cLas malas ideas\u201d. Despois das xornadas marabillosas que xa pasaron en varias cidades galegas, entre elas en Ferrol, onde sucede [&hellip;]<\/p>\n","protected":false},"author":3,"featured_media":2375,"comment_status":"closed","ping_status":"open","sticky":false,"template":"","format":"standard","meta":{"_jetpack_newsletter_access":"","_jetpack_dont_email_post_to_subs":false,"_jetpack_newsletter_tier_id":0,"footnotes":""},"categories":[23],"tags":[],"jetpack_featured_media_url":"https:\/\/mariasolar.com\/wp-content\/uploads\/2026\/04\/IMG_3968.jpg","jetpack_sharing_enabled":true,"jetpack_shortlink":"https:\/\/wp.me\/pfpfpi-Ci","_links":{"self":[{"href":"https:\/\/mariasolar.com\/gl\/wp-json\/wp\/v2\/posts\/2374"}],"collection":[{"href":"https:\/\/mariasolar.com\/gl\/wp-json\/wp\/v2\/posts"}],"about":[{"href":"https:\/\/mariasolar.com\/gl\/wp-json\/wp\/v2\/types\/post"}],"author":[{"embeddable":true,"href":"https:\/\/mariasolar.com\/gl\/wp-json\/wp\/v2\/users\/3"}],"replies":[{"embeddable":true,"href":"https:\/\/mariasolar.com\/gl\/wp-json\/wp\/v2\/comments?post=2374"}],"version-history":[{"count":2,"href":"https:\/\/mariasolar.com\/gl\/wp-json\/wp\/v2\/posts\/2374\/revisions"}],"predecessor-version":[{"id":2382,"href":"https:\/\/mariasolar.com\/gl\/wp-json\/wp\/v2\/posts\/2374\/revisions\/2382"}],"wp:featuredmedia":[{"embeddable":true,"href":"https:\/\/mariasolar.com\/gl\/wp-json\/wp\/v2\/media\/2375"}],"wp:attachment":[{"href":"https:\/\/mariasolar.com\/gl\/wp-json\/wp\/v2\/media?parent=2374"}],"wp:term":[{"taxonomy":"category","embeddable":true,"href":"https:\/\/mariasolar.com\/gl\/wp-json\/wp\/v2\/categories?post=2374"},{"taxonomy":"post_tag","embeddable":true,"href":"https:\/\/mariasolar.com\/gl\/wp-json\/wp\/v2\/tags?post=2374"}],"curies":[{"name":"wp","href":"https:\/\/api.w.org\/{rel}","templated":true}]}}